{"id":2552,"date":"2024-06-04T16:01:32","date_gmt":"2024-06-04T14:01:32","guid":{"rendered":"https:\/\/www.relecturhelp.fr\/?p=2552"},"modified":"2025-08-19T09:43:36","modified_gmt":"2025-08-19T07:43:36","slug":"projection-debat-autour-de-hannah-arendt","status":"publish","type":"post","link":"https:\/\/www.relecturhelp.fr\/?p=2552","title":{"rendered":"Ev\u00e9nements &#8211; Projection-d\u00e9bat sur Hannah Arendt"},"content":{"rendered":"\n<p>L&#8217;association&nbsp;<em>Relecturhelp&nbsp;<\/em>organise le&nbsp;<strong>mardi 11 juin \u00e0 19h30<\/strong>&nbsp;&nbsp;au cin\u00e9ma C2L (UGC) \u00e0&nbsp;<strong>Saint Germain en Laye&nbsp;<\/strong>la projection du film :<\/p>\n\n\n\n<figure class=\"wp-block-gallery has-nested-images columns-default is-cropped wp-block-gallery-1 is-layout-flex wp-block-gallery-is-layout-flex\">\n<figure class=\"wp-block-image size-large\"><img loading=\"lazy\" decoding=\"async\" width=\"600\" height=\"900\" data-id=\"2554\" src=\"https:\/\/www.relecturhelp.fr\/wp-content\/uploads\/2024\/06\/affiche-fragments.jpeg\" alt=\"\" class=\"wp-image-2554\" srcset=\"https:\/\/www.relecturhelp.fr\/wp-content\/uploads\/2024\/06\/affiche-fragments.jpeg 600w, https:\/\/www.relecturhelp.fr\/wp-content\/uploads\/2024\/06\/affiche-fragments-200x300.jpeg 200w\" sizes=\"(max-width: 709px) 85vw, (max-width: 909px) 67vw, (max-width: 984px) 61vw, (max-width: 1362px) 45vw, 600px\" \/><\/figure>\n\n\n\n<figure class=\"wp-block-image size-large\"><img loading=\"lazy\" decoding=\"async\" width=\"724\" height=\"1024\" data-id=\"2555\" src=\"https:\/\/www.relecturhelp.fr\/wp-content\/uploads\/2024\/06\/Projection-debat-Hannah-Arendt-724x1024.jpg\" alt=\"\" class=\"wp-image-2555\" srcset=\"https:\/\/www.relecturhelp.fr\/wp-content\/uploads\/2024\/06\/Projection-debat-Hannah-Arendt-724x1024.jpg 724w, https:\/\/www.relecturhelp.fr\/wp-content\/uploads\/2024\/06\/Projection-debat-Hannah-Arendt-212x300.jpg 212w, https:\/\/www.relecturhelp.fr\/wp-content\/uploads\/2024\/06\/Projection-debat-Hannah-Arendt-768x1086.jpg 768w, https:\/\/www.relecturhelp.fr\/wp-content\/uploads\/2024\/06\/Projection-debat-Hannah-Arendt-1086x1536.jpg 1086w, https:\/\/www.relecturhelp.fr\/wp-content\/uploads\/2024\/06\/Projection-debat-Hannah-Arendt-1448x2048.jpg 1448w, https:\/\/www.relecturhelp.fr\/wp-content\/uploads\/2024\/06\/Projection-debat-Hannah-Arendt-1200x1697.jpg 1200w, https:\/\/www.relecturhelp.fr\/wp-content\/uploads\/2024\/06\/Projection-debat-Hannah-Arendt.jpg 1754w\" sizes=\"(max-width: 709px) 85vw, (max-width: 909px) 67vw, (max-width: 984px) 61vw, (max-width: 1362px) 45vw, 600px\" \/><\/figure>\n<\/figure>\n\n\n\n<p class=\"has-text-align-center\"><strong><em><a href=\"https:\/\/youtu.be\/oeOm3s8A9Qw?si=hECp8fzr5nC_zekP\" target=\"_blank\" rel=\"noreferrer noopener\">Hannah Arendt<\/a><\/em><\/strong><\/p>\n\n\n\n<p class=\"has-text-align-center\"><strong>de Margarethe&nbsp;von Trotta<\/strong><\/p>\n\n\n\n<p class=\"has-text-align-center\"><strong>co-produit et distribu\u00e9 par Sophie Dulac<\/strong><\/p>\n\n\n\n<p>La projection sera suivie d&#8217;un d\u00e9bat sur le parcours d&#8217;Hannah Arendt avec :<\/p>\n\n\n\n<p class=\"has-text-align-center\"><strong>B\u00e9reng\u00e8re Warluzel<\/strong><\/p>\n\n\n\n<p class=\"has-text-align-center\"><strong>interpr\u00e8te d&#8217;Arendt dans le spectacle<a href=\"https:\/\/youtu.be\/txhSup3R1Fk?si=NU3AOdv0U0d1-8mh\" target=\"_blank\" rel=\"noreferrer noopener\">&nbsp;<em>Fragments<\/em><\/a><\/strong><\/p>\n\n\n\n<p class=\"has-text-align-center\"><strong>mis en sc\u00e8ne par Charles Berling<\/strong><\/p>\n\n\n\n<p><\/p>\n","protected":false},"excerpt":{"rendered":"<p>L&#8217;association&nbsp;Relecturhelp&nbsp;organise le&nbsp;mardi 11 juin \u00e0 19h30&nbsp;&nbsp;au cin\u00e9ma C2L (UGC) \u00e0&nbsp;Saint Germain en Laye&nbsp;la projection du film : Hannah Arendt de Margarethe&nbsp;von Trotta co-produit et distribu\u00e9 par Sophie Dulac La projection sera suivie d&#8217;un d\u00e9bat sur le parcours d&#8217;Hannah Arendt avec : B\u00e9reng\u00e8re Warluzel interpr\u00e8te d&#8217;Arendt dans le spectacle&nbsp;Fragments mis en sc\u00e8ne par Charles Berling<\/p>\n","protected":false},"author":1,"featured_media":0,"comment_status":"closed","ping_status":"closed","sticky":false,"template":"","format":"standard","meta":{"footnotes":""},"categories":[22],"tags":[],"_links":{"self":[{"href":"https:\/\/www.relecturhelp.fr\/index.php?rest_route=\/wp\/v2\/posts\/2552"}],"collection":[{"href":"https:\/\/www.relecturhelp.fr\/index.php?rest_route=\/wp\/v2\/posts"}],"about":[{"href":"https:\/\/www.relecturhelp.fr\/index.php?rest_route=\/wp\/v2\/types\/post"}],"author":[{"embeddable":true,"href":"https:\/\/www.relecturhelp.fr\/index.php?rest_route=\/wp\/v2\/users\/1"}],"replies":[{"embeddable":true,"href":"https:\/\/www.relecturhelp.fr\/index.php?rest_route=%2Fwp%2Fv2%2Fcomments&post=2552"}],"version-history":[{"count":9,"href":"https:\/\/www.relecturhelp.fr\/index.php?rest_route=\/wp\/v2\/posts\/2552\/revisions"}],"predecessor-version":[{"id":2642,"href":"https:\/\/www.relecturhelp.fr\/index.php?rest_route=\/wp\/v2\/posts\/2552\/revisions\/2642"}],"wp:attachment":[{"href":"https:\/\/www.relecturhelp.fr\/index.php?rest_route=%2Fwp%2Fv2%2Fmedia&parent=2552"}],"wp:term":[{"taxonomy":"category","embeddable":true,"href":"https:\/\/www.relecturhelp.fr\/index.php?rest_route=%2Fwp%2Fv2%2Fcategories&post=2552"},{"taxonomy":"post_tag","embeddable":true,"href":"https:\/\/www.relecturhelp.fr\/index.php?rest_route=%2Fwp%2Fv2%2Ftags&post=2552"}],"curies":[{"name":"wp","href":"https:\/\/api.w.org\/{rel}","templated":true}]}}